{"id":4526,"date":"2025-06-27T13:50:48","date_gmt":"2025-06-27T11:50:48","guid":{"rendered":"https:\/\/gokjadow.pl\/?p=4526"},"modified":"2025-07-14T13:51:50","modified_gmt":"2025-07-14T11:51:50","slug":"wakacyjna-gala-talentow-mgok","status":"publish","type":"post","link":"https:\/\/gokjadow.pl\/?p=4526","title":{"rendered":"Wakacyjna Gala Talent\u00f3w MGOK"},"content":{"rendered":"\n<p>25 czerwca, w Miejsko &#8211; Gminnym O\u015brodku Kultury w Jadowie, odby\u0142a si\u0119 Wakacyjna Gala Talent\u00f3w czyli podsumowanie zaj\u0119\u0107 w MGOK Jad\u00f3w. Na scenie zaprezentowa\u0142y si\u0119 dzieci i doro\u015bli ucz\u0119szczaj\u0105cy na zaj\u0119cia taneczne, baletu, nauki gry na gitarze, wokalne i sztuk walki. Przygotowana zosta\u0142a r\u00f3wnie\u017c wystawa prac powsta\u0142ych podczas zaj\u0119\u0107 plastycznych, prowadzonych przez p. Klaudiusza Maselewskiego. Wyst\u0119puj\u0105cych na scenie przygotowali: p. Beata Stawiecka, p. Anita Michalik, p. Artur Tabor, p. Karol Wi\u015bniewski (go\u015bcinnie pokaz poprowadzi\u0142 p. Kacper Balcerak), oraz prowadz\u0105ca gal\u0119 &#8211; dyrektor MGOK Magdalena Donoch. Dla wszystkich przygotowany zosta\u0142 pocz\u0119stunek. Dzi\u0119kujemy wszystkim za ten intensywny czas pracy i zapraszamy od wrze\u015bnia na zaj\u0119cia. fot. Julia Kali\u0144ska<\/p>\n\n\n\n<p>Fotorelacja na <a href=\"https:\/\/www.facebook.com\/media\/set\/?vanity=MGOKJadow&amp;set=a.1195697452570984\">Facebooku.<\/a><\/p>\n\n\n\n<figure class=\"wp-block-image size-large\"><img loading=\"lazy\" decoding=\"async\" width=\"1024\" height=\"683\" src=\"https:\/\/gokjadow.pl\/wp-content\/uploads\/2025\/07\/513614740_1195693312571398_4121007778942329522_n-1024x683.jpg\" alt=\"\" class=\"wp-image-4527\" srcset=\"https:\/\/gokjadow.pl\/wp-content\/uploads\/2025\/07\/513614740_1195693312571398_4121007778942329522_n-1024x683.jpg 1024w, https:\/\/gokjadow.pl\/wp-content\/uploads\/2025\/07\/513614740_1195693312571398_4121007778942329522_n-300x200.jpg 300w, https:\/\/gokjadow.pl\/wp-content\/uploads\/2025\/07\/513614740_1195693312571398_4121007778942329522_n-768x512.jpg 768w, https:\/\/gokjadow.pl\/wp-content\/uploads\/2025\/07\/513614740_1195693312571398_4121007778942329522_n-1536x1024.jpg 1536w, https:\/\/gokjadow.pl\/wp-content\/uploads\/2025\/07\/513614740_1195693312571398_4121007778942329522_n.jpg 2048w\" sizes=\"auto, (max-width: 1024px) 100vw, 1024px\" \/><\/figure>\n","protected":false},"excerpt":{"rendered":"<p>25 czerwca, w Miejsko &#8211; Gminnym O\u015brodku Kultury w Jadowie, odby\u0142a si\u0119 Wakacyjna Gala Talent\u00f3w czyli podsumowanie zaj\u0119\u0107 w MGOK Jad\u00f3w. Na scenie zaprezentowa\u0142y si\u0119 dzieci i doro\u015bli ucz\u0119szczaj\u0105cy na [&hellip;]<\/p>\n","protected":false},"author":1,"featured_media":4527,"comment_status":"closed","ping_status":"open","sticky":false,"template":"","format":"standard","meta":{"_monsterinsights_skip_tracking":false,"_monsterinsights_sitenote_active":false,"_monsterinsights_sitenote_note":"","_monsterinsights_sitenote_category":0,"footnotes":""},"categories":[1],"tags":[],"class_list":["post-4526","post","type-post","status-publish","format-standard","has-post-thumbnail","hentry","category-bez-kategorii"],"_links":{"self":[{"href":"https:\/\/gokjadow.pl\/index.php?rest_route=\/wp\/v2\/posts\/4526","targetHints":{"allow":["GET"]}}],"collection":[{"href":"https:\/\/gokjadow.pl\/index.php?rest_route=\/wp\/v2\/posts"}],"about":[{"href":"https:\/\/gokjadow.pl\/index.php?rest_route=\/wp\/v2\/types\/post"}],"author":[{"embeddable":true,"href":"https:\/\/gokjadow.pl\/index.php?rest_route=\/wp\/v2\/users\/1"}],"replies":[{"embeddable":true,"href":"https:\/\/gokjadow.pl\/index.php?rest_route=%2Fwp%2Fv2%2Fcomments&post=4526"}],"version-history":[{"count":1,"href":"https:\/\/gokjadow.pl\/index.php?rest_route=\/wp\/v2\/posts\/4526\/revisions"}],"predecessor-version":[{"id":4528,"href":"https:\/\/gokjadow.pl\/index.php?rest_route=\/wp\/v2\/posts\/4526\/revisions\/4528"}],"wp:featuredmedia":[{"embeddable":true,"href":"https:\/\/gokjadow.pl\/index.php?rest_route=\/wp\/v2\/media\/4527"}],"wp:attachment":[{"href":"https:\/\/gokjadow.pl\/index.php?rest_route=%2Fwp%2Fv2%2Fmedia&parent=4526"}],"wp:term":[{"taxonomy":"category","embeddable":true,"href":"https:\/\/gokjadow.pl\/index.php?rest_route=%2Fwp%2Fv2%2Fcategories&post=4526"},{"taxonomy":"post_tag","embeddable":true,"href":"https:\/\/gokjadow.pl\/index.php?rest_route=%2Fwp%2Fv2%2Ftags&post=4526"}],"curies":[{"name":"wp","href":"https:\/\/api.w.org\/{rel}","templated":true}]}}