{"id":4598,"date":"2025-08-26T12:46:58","date_gmt":"2025-08-26T10:46:58","guid":{"rendered":"https:\/\/gokjadow.pl\/?p=4598"},"modified":"2025-08-27T12:47:10","modified_gmt":"2025-08-27T10:47:10","slug":"obchody-105-rocznicy-cudu-nad-wisla","status":"publish","type":"post","link":"https:\/\/gokjadow.pl\/?p=4598","title":{"rendered":"Obchody 105. rocznicy Cudu nad Wis\u0142\u0105"},"content":{"rendered":"\n<p>25 sierpnia, na terenie o\u015brodka wczasowego 'Nadliwie&#8221;, odby\u0142y si\u0119 obchody 105. rocznicy Bitwy Warszawskiej. Uroczysto\u015bci rozpocz\u0119\u0142a Msza \u015awi\u0119ta koncelebrowana przez ks. dziekana Bogdana Lewi\u0144skiego, ks. Marka Gawle &#8211; proboszcza parafii w Kamie\u0144czyku oraz ks. Wojciecha Wojno \u2013 wikariusza parafii w Kamie\u0144czyku. Po mszy zebranych go\u015bci przywita\u0142a dyr. MGOK w Jadowie p. Magdalena Donoch, a nast\u0119pnie g\u0142os zabrali: Rafa\u0142 Rozpara \u2013 Burmistrz Miasta i Gminy Jad\u00f3w i Piotr Borczy\u0144ski \u2013 radny powiatu wo\u0142omi\u0144skiego. Nast\u0119pnie uczestnicy uroczysto\u015bci przeszli pod pami\u0105tkow\u0105 kapliczk\u0119, postawion\u0105 przez mieszka\u0144c\u00f3w Nadliwia po zwyci\u0119skiej wojnie polsko &#8211; bolszewickiej. Wi\u0105zanki kwiat\u00f3w z\u0142o\u017cyli: delegacja w\u0142adz gminy Jad\u00f3w \u2013 Burmistrz Rafa\u0142 Rozpara, Przewodnicz\u0105ca Rady Miasta i Gminy Jad\u00f3w Bo\u017cena Krasnod\u0119bska, Skarbnik Gminy Barbara W\u00f3jcik, z- ca komendanta Policji w Jadowie podkomisarz Rados\u0142aw Wasilewski oraz radni: Katarzyna Motyka, Marek Kostko, Jerzy Archici\u0144ski, Marcin Siebierski; delegacja w\u0142adz powiatu \u2013 Magdalena Suchenek \u2013 Przewodnicz\u0105ca Rady Powiatu Wo\u0142omi\u0144skiego oraz Robert Roguski \u2013 cz\u0142onek zarz\u0105du powiatu wo\u0142omi\u0144skiego, Piotr Borczy\u0144ski, so\u0142tys Strachowa \u2013 Katarzyna Snopkiewicz oraz radny Zbigniew O\u0142\u00f3wka, Hanna Wronka \u2013 Przewodnicz\u0105ca Rady Gminy Strach\u00f3wka, przedstawiciele Mazowieckiej Wsp\u00f3lnoty Samorz\u0105dowej \u2013 prezes MSW Konrad Rytel, Dariusz Kokoszka; Romuald Kalinowski, delegacje szk\u00f3\u0142 podstawowych z Myszade\u0142, Szewnicy i Jadowa, delegacja LO im. Bitwy Warszawskiej 1920 r. z Urli, so\u0142tys Urli \u2013 Gra\u017cyna Sieluk, przedstawiciele Jadowskiego Stowarzyszenia Historycznego. Po od\u015bpiewaniu Roty, uczestnicy uroczysto\u015bci udali si\u0119 na pocz\u0119stunek. Dzi\u0119kujemy bardzo mieszka\u0144com i p. so\u0142tys Strachowa za przeznaczenie cz\u0119\u015bci \u015brodk\u00f3w z funduszu so\u0142eckiego na organizacj\u0119 wydarzenia, stra\u017cakom i pocztom sztandarowym OSP Jad\u00f3w, M\u0142odzie\u017cowej Dru\u017cynie Po\u017carniczej w Jadowie, OSP Myszad\u0142a, OSP Starowola, OSP W\u00f3lka Sulejowska i LO im. Bitwy Warszawskiej w Urlach, ks. Bogdanowi Lewi\u0144skiemu i ks. Markowi Gawle, Komendantowi i policjantom z komisariatu w Jadowie, dyrektorom plac\u00f3wek o\u015bwiatowych: Ewie Roma\u0144skiej, Urszuli Trzcia\u0142kowskiej, Paulinie Smolewskiej i Agnieszce Czubak, p. Krzysztofowi Soko\u0142owskiemu \u2013 za opraw\u0119 muzyczn\u0105 mszy, p. Krzysztofowi To\u0142oczko, go\u015bciom. Szczeg\u00f3lne podzi\u0119kowania kierujemy do p. Romana Guta, za udost\u0119pnienie terenu o\u015brodka Nadliwie i wsp\u00f3\u0142prac\u0119 przy organizacji imprezy.<\/p>\n\n\n\n<p>Relacja na <a href=\"https:\/\/www.facebook.com\/media\/set\/?vanity=MGOKJadow&amp;set=a.1246596957481033\">Facebooku<\/a><\/p>\n\n\n\n<figure class=\"wp-block-image size-large\"><img loading=\"lazy\" decoding=\"async\" width=\"683\" height=\"1024\" src=\"https:\/\/gokjadow.pl\/wp-content\/uploads\/2025\/08\/538920715_1246596744147721_8510197541162155843_n-683x1024.jpg\" alt=\"\" class=\"wp-image-4599\" srcset=\"https:\/\/gokjadow.pl\/wp-content\/uploads\/2025\/08\/538920715_1246596744147721_8510197541162155843_n-683x1024.jpg 683w, https:\/\/gokjadow.pl\/wp-content\/uploads\/2025\/08\/538920715_1246596744147721_8510197541162155843_n-200x300.jpg 200w, https:\/\/gokjadow.pl\/wp-content\/uploads\/2025\/08\/538920715_1246596744147721_8510197541162155843_n-768x1152.jpg 768w, https:\/\/gokjadow.pl\/wp-content\/uploads\/2025\/08\/538920715_1246596744147721_8510197541162155843_n-1024x1536.jpg 1024w, https:\/\/gokjadow.pl\/wp-content\/uploads\/2025\/08\/538920715_1246596744147721_8510197541162155843_n.jpg 1365w\" sizes=\"auto, (max-width: 683px) 100vw, 683px\" \/><\/figure>\n","protected":false},"excerpt":{"rendered":"<p>25 sierpnia, na terenie o\u015brodka wczasowego 'Nadliwie&#8221;, odby\u0142y si\u0119 obchody 105. rocznicy Bitwy Warszawskiej. Uroczysto\u015bci rozpocz\u0119\u0142a Msza \u015awi\u0119ta koncelebrowana przez ks. dziekana Bogdana Lewi\u0144skiego, ks. Marka Gawle &#8211; proboszcza parafii [&hellip;]<\/p>\n","protected":false},"author":1,"featured_media":4599,"comment_status":"closed","ping_status":"open","sticky":false,"template":"","format":"standard","meta":{"_monsterinsights_skip_tracking":false,"_monsterinsights_sitenote_active":false,"_monsterinsights_sitenote_note":"","_monsterinsights_sitenote_category":0,"footnotes":""},"categories":[1],"tags":[],"class_list":["post-4598","post","type-post","status-publish","format-standard","has-post-thumbnail","hentry","category-bez-kategorii"],"_links":{"self":[{"href":"https:\/\/gokjadow.pl\/index.php?rest_route=\/wp\/v2\/posts\/4598","targetHints":{"allow":["GET"]}}],"collection":[{"href":"https:\/\/gokjadow.pl\/index.php?rest_route=\/wp\/v2\/posts"}],"about":[{"href":"https:\/\/gokjadow.pl\/index.php?rest_route=\/wp\/v2\/types\/post"}],"author":[{"embeddable":true,"href":"https:\/\/gokjadow.pl\/index.php?rest_route=\/wp\/v2\/users\/1"}],"replies":[{"embeddable":true,"href":"https:\/\/gokjadow.pl\/index.php?rest_route=%2Fwp%2Fv2%2Fcomments&post=4598"}],"version-history":[{"count":1,"href":"https:\/\/gokjadow.pl\/index.php?rest_route=\/wp\/v2\/posts\/4598\/revisions"}],"predecessor-version":[{"id":4600,"href":"https:\/\/gokjadow.pl\/index.php?rest_route=\/wp\/v2\/posts\/4598\/revisions\/4600"}],"wp:featuredmedia":[{"embeddable":true,"href":"https:\/\/gokjadow.pl\/index.php?rest_route=\/wp\/v2\/media\/4599"}],"wp:attachment":[{"href":"https:\/\/gokjadow.pl\/index.php?rest_route=%2Fwp%2Fv2%2Fmedia&parent=4598"}],"wp:term":[{"taxonomy":"category","embeddable":true,"href":"https:\/\/gokjadow.pl\/index.php?rest_route=%2Fwp%2Fv2%2Fcategories&post=4598"},{"taxonomy":"post_tag","embeddable":true,"href":"https:\/\/gokjadow.pl\/index.php?rest_route=%2Fwp%2Fv2%2Ftags&post=4598"}],"curies":[{"name":"wp","href":"https:\/\/api.w.org\/{rel}","templated":true}]}}