{"id":469,"date":"2019-06-11T14:13:36","date_gmt":"2019-06-11T12:13:36","guid":{"rendered":"http:\/\/gokjadow.pl\/?p=469"},"modified":"2021-08-03T11:22:44","modified_gmt":"2021-08-03T09:22:44","slug":"wystawa-poplenerowa","status":"publish","type":"post","link":"https:\/\/gokjadow.pl\/?p=469","title":{"rendered":"Wystawa poplenerowa"},"content":{"rendered":"\n<p> Wystaw\u0105 poplenerow\u0105 zako\u0144czyli\u015bmy 9 czerwca kolejny plener malarski &#8222;Jadowskie Klimaty&#8221;. W tym roku go\u015bcili\u015bmy: Tomasza Awdziejczyka, Gabriel\u0119 Czarneck\u0105, Zbigniewa Dziwosza, Zdzis\u0142awa Machowicza, Marka Madeja, Janusza Ma\u015bnika, Krystyn\u0119 Mirkiewicz, Ew\u0119 Piaseck\u0105 &#8211; Kud\u0142acik, Maria Rejzner i Teres\u0119 Trzan. Wystaw\u0119 poprzedzi\u0142 wyst\u0119p artystycznym z udzia\u0142em dyr. GOK \u0141ukasza W\u00f3jcika, Kingi Salwin, Weroniki Przybysz i Micha\u0142a Siuchty. W\u015br\u00f3d zebranej publiczno\u015bci znale\u017ali si\u0119: W\u00f3jt Gminy Jad\u00f3w Dariusz Kokoszka, Przewodnicz\u0105ca Rady Gminy Regina Sadlik, ks. dziekan Bogdan Lewi\u0144ski, Dyr. Biblioteki Publicznej Gminy Jad\u00f3w Sylwia Tryc, dyr. ZSP Urle Aniela Dobosiewicz, skarbnik gminy Jad\u00f3w Barbara W\u00f3jcik, Piotr Borczy\u0144ski &#8211; radny powiatowy, p. Danuta Tarach i p. Marzena O\u0142dak oraz pomys\u0142odawczyni plener\u00f3w malarskich p. Halina Filemonowicz. <\/p>\n\n\n\n<!--more-->\n\n\n\n<p style=\"font-size:19px\">Wi\u0119cej zdj\u0119\u0107 na <a rel=\"noreferrer noopener\" aria-label=\"Facebooku (opens in a new tab)\" href=\"https:\/\/www.facebook.com\/pg\/Gminny-O%C5%9Brodek-Kultury-w-Jadowie-136686263422135\/photos\/?tab=album&amp;album_id=656144614809628&amp;__tn__=-UC-R\" target=\"_blank\">Facebooku<\/a><\/p>\n\n\n<p>[fts_facebook type=album_photos id=136686263422135 posts=4 description=no album_id=656144614809628 image_width=250px image_height=250px space_between_photos=1px hide_date_likes_comments=no center_container=no]<\/p>\n","protected":false},"excerpt":{"rendered":"<p>Wystaw\u0105 poplenerow\u0105 zako\u0144czyli\u015bmy 9 czerwca kolejny plener malarski &#8222;Jadowskie Klimaty&#8221;. W tym roku go\u015bcili\u015bmy: Tomasza Awdziejczyka, Gabriel\u0119 Czarneck\u0105, Zbigniewa Dziwosza, Zdzis\u0142awa Machowicza, Marka Madeja, Janusza Ma\u015bnika, Krystyn\u0119 Mirkiewicz, Ew\u0119 Piaseck\u0105 [&hellip;]<\/p>\n","protected":false},"author":1,"featured_media":0,"comment_status":"closed","ping_status":"open","sticky":false,"template":"","format":"standard","meta":{"_monsterinsights_skip_tracking":false,"_monsterinsights_sitenote_active":false,"_monsterinsights_sitenote_note":"","_monsterinsights_sitenote_category":0,"footnotes":""},"categories":[17],"tags":[],"class_list":["post-469","post","type-post","status-publish","format-standard","hentry","category-wystawy-koncerty"],"_links":{"self":[{"href":"https:\/\/gokjadow.pl\/index.php?rest_route=\/wp\/v2\/posts\/469","targetHints":{"allow":["GET"]}}],"collection":[{"href":"https:\/\/gokjadow.pl\/index.php?rest_route=\/wp\/v2\/posts"}],"about":[{"href":"https:\/\/gokjadow.pl\/index.php?rest_route=\/wp\/v2\/types\/post"}],"author":[{"embeddable":true,"href":"https:\/\/gokjadow.pl\/index.php?rest_route=\/wp\/v2\/users\/1"}],"replies":[{"embeddable":true,"href":"https:\/\/gokjadow.pl\/index.php?rest_route=%2Fwp%2Fv2%2Fcomments&post=469"}],"version-history":[{"count":2,"href":"https:\/\/gokjadow.pl\/index.php?rest_route=\/wp\/v2\/posts\/469\/revisions"}],"predecessor-version":[{"id":1084,"href":"https:\/\/gokjadow.pl\/index.php?rest_route=\/wp\/v2\/posts\/469\/revisions\/1084"}],"wp:attachment":[{"href":"https:\/\/gokjadow.pl\/index.php?rest_route=%2Fwp%2Fv2%2Fmedia&parent=469"}],"wp:term":[{"taxonomy":"category","embeddable":true,"href":"https:\/\/gokjadow.pl\/index.php?rest_route=%2Fwp%2Fv2%2Fcategories&post=469"},{"taxonomy":"post_tag","embeddable":true,"href":"https:\/\/gokjadow.pl\/index.php?rest_route=%2Fwp%2Fv2%2Ftags&post=469"}],"curies":[{"name":"wp","href":"https:\/\/api.w.org\/{rel}","templated":true}]}}