{"id":4917,"date":"2026-08-26T12:03:57","date_gmt":"2026-08-26T10:03:57","guid":{"rendered":"https:\/\/gokjadow.pl\/?p=4917"},"modified":"2026-09-02T12:29:55","modified_gmt":"2026-09-02T10:29:55","slug":"obchody-rocznicy-bitwy-warszawskiej","status":"publish","type":"post","link":"https:\/\/gokjadow.pl\/?p=4917","title":{"rendered":"Obchody Rocznicy Bitwy Warszawskiej"},"content":{"rendered":"\n<p class=\"wp-block-paragraph\">23 sierpnia, na terenie o\u015brodka wczasowego 'Nadliwie&#8221;, odby\u0142y si\u0119 obchody 106. rocznicy Bitwy Warszawskiej. Uroczysto\u015bci rozpocz\u0119\u0142a Msza \u015awi\u0119ta koncelebrowana przez, ks. Marka Gawle &#8211; proboszcza parafii w Kamie\u0144czyku oraz ks. Wojciecha Wojno \u2013 wikariusza parafii w Kamie\u0144czyku. Po mszy zebranych go\u015bci przywita\u0142a dyr. MGOK w Jadowie p. Magdalena Donoch, a nast\u0119pnie g\u0142os zabrali: Rafa\u0142 Rozpara \u2013 Burmistrz Miasta i Gminy Jad\u00f3w i Kazimierz Rakowski \u2013 radny powiatu wo\u0142omi\u0144skiego oraz Bo\u017cena Krasnod\u0119bska \u2013 Przewodnicz\u0105ca Rady Miasta i Gminy Jad\u00f3w. Nast\u0119pnie uczestnicy uroczysto\u015bci przeszli pod pami\u0105tkow\u0105 kapliczk\u0119, postawion\u0105 przez mieszka\u0144c\u00f3w Nadliwia po zwyci\u0119skiej wojnie polsko &#8211; bolszewickiej. Wi\u0105zanki kwiat\u00f3w z\u0142o\u017cyli: delegacja w\u0142adz gminy Jad\u00f3w \u2013 Burmistrz Rafa\u0142 Rozpara, Przewodnicz\u0105ca Rady Miasta i Gminy Jad\u00f3w Bo\u017cena Krasnod\u0119bska, Skarbnik Gminy Barbara W\u00f3jcik oraz radni: Marek Kostko, Jerzy Archici\u0144ski, Zbigniew O\u0142\u00f3wka i so\u0142tys Strachowa Katarzyna Snopkiewicz, Hanna Wronka \u2013 Przewodnicz\u0105ca Rady Gminy Strach\u00f3wka, Ewa Roma\u0144ska \u2013 dyrektor LO im. Bitwy Warszawskiej 1920 w Urlach, delegacja z SP Szewnica na czele z Pani\u0105 Dyrektor Urszul\u0105 Trzcia\u0142kowsk\u0105, przedstawiciel ZSP Jad\u00f3w, Jerzy Dobrowolski \u2013 cz\u0142onek \u015awiatowego Zwi\u0105zku \u017bo\u0142nierzy AK, Romuald Kalinowski \u2013 przedstawiciel Mazowieckiej Wsp\u00f3lnoty Samorz\u0105dowej, Piotr Borczy\u0144ski \u2013 przedstawiciel PiS, Kazimierz Rakowski \u2013 w imieniu starosty powiatu wo\u0142omi\u0144skiego, Konrad Rytel \u2013 radny sejmiku wojew\u00f3dztwa mazowieckiego, delegacja ZSP Urle. Po od\u015bpiewaniu Roty, uczestnicy uroczysto\u015bci udali si\u0119 na pocz\u0119stunek. Dzi\u0119kujemy bardzo stra\u017cakom i pocztom sztandarowym, M\u0142odzie\u017cowej Dru\u017cynie Po\u017carniczej w Jadowie, OSP Myszad\u0142a, OSP Starowola, OSP W\u00f3lka Sulejowska i LO im. Bitwy Warszawskiej w Urlach, ks. Markowi Gawle oraz ks. Wojciechowi Wojno, Komendantowi i policjantom z komisariatu w Jadowie, dyrektorom plac\u00f3wek o\u015bwiatowych: Ewie Roma\u0144skiej, Urszuli Trzcia\u0142kowskiej, p. Krzysztofowi Soko\u0142owskiemu \u2013 za opraw\u0119 muzyczn\u0105 mszy, p. Andrzejowi Sztompce, go\u015bciom. Szczeg\u00f3lne podzi\u0119kowania kierujemy do p. Romana Guta oraz pan\u00f3w \u0141ukasza i Tomasza Sza\u0142uckim za udost\u0119pnienie terenu o\u015brodka Nadliwie i wsp\u00f3\u0142prac\u0119 przy organizacji imprezy.<\/p>\n\n\n\n<figure class=\"wp-block-gallery has-nested-images columns-default is-cropped wp-block-gallery-1 is-layout-flex wp-block-gallery-is-layout-flex\">\n<figure class=\"wp-block-image size-large\"><img loading=\"lazy\" decoding=\"async\" width=\"1024\" height=\"683\" data-id=\"4919\" src=\"https:\/\/gokjadow.pl\/wp-content\/uploads\/2026\/09\/784197744_1555914049882654_2796247783181225033_n-1024x683.jpg\" alt=\"\" class=\"wp-image-4919\" srcset=\"https:\/\/gokjadow.pl\/wp-content\/uploads\/2026\/09\/784197744_1555914049882654_2796247783181225033_n-1024x683.jpg 1024w, https:\/\/gokjadow.pl\/wp-content\/uploads\/2026\/09\/784197744_1555914049882654_2796247783181225033_n-300x200.jpg 300w, https:\/\/gokjadow.pl\/wp-content\/uploads\/2026\/09\/784197744_1555914049882654_2796247783181225033_n-768x512.jpg 768w, https:\/\/gokjadow.pl\/wp-content\/uploads\/2026\/09\/784197744_1555914049882654_2796247783181225033_n-1536x1024.jpg 1536w, https:\/\/gokjadow.pl\/wp-content\/uploads\/2026\/09\/784197744_1555914049882654_2796247783181225033_n.jpg 2048w\" sizes=\"auto, (max-width: 1024px) 100vw, 1024px\" \/><\/figure>\n\n\n\n<figure class=\"wp-block-image size-large\"><img loading=\"lazy\" decoding=\"async\" width=\"1024\" height=\"683\" data-id=\"4921\" src=\"https:\/\/gokjadow.pl\/wp-content\/uploads\/2026\/09\/783508730_1555914709882588_2512385512647246830_n-1024x683.jpg\" alt=\"\" class=\"wp-image-4921\" srcset=\"https:\/\/gokjadow.pl\/wp-content\/uploads\/2026\/09\/783508730_1555914709882588_2512385512647246830_n-1024x683.jpg 1024w, https:\/\/gokjadow.pl\/wp-content\/uploads\/2026\/09\/783508730_1555914709882588_2512385512647246830_n-300x200.jpg 300w, https:\/\/gokjadow.pl\/wp-content\/uploads\/2026\/09\/783508730_1555914709882588_2512385512647246830_n-768x512.jpg 768w, https:\/\/gokjadow.pl\/wp-content\/uploads\/2026\/09\/783508730_1555914709882588_2512385512647246830_n-1536x1024.jpg 1536w, https:\/\/gokjadow.pl\/wp-content\/uploads\/2026\/09\/783508730_1555914709882588_2512385512647246830_n.jpg 2048w\" sizes=\"auto, (max-width: 1024px) 100vw, 1024px\" \/><\/figure>\n\n\n\n<figure class=\"wp-block-image size-large\"><img loading=\"lazy\" decoding=\"async\" width=\"1024\" height=\"683\" data-id=\"4920\" src=\"https:\/\/gokjadow.pl\/wp-content\/uploads\/2026\/09\/783707327_1555913943215998_3617973216459140404_n-1024x683.jpg\" alt=\"\" class=\"wp-image-4920\" srcset=\"https:\/\/gokjadow.pl\/wp-content\/uploads\/2026\/09\/783707327_1555913943215998_3617973216459140404_n-1024x683.jpg 1024w, https:\/\/gokjadow.pl\/wp-content\/uploads\/2026\/09\/783707327_1555913943215998_3617973216459140404_n-300x200.jpg 300w, https:\/\/gokjadow.pl\/wp-content\/uploads\/2026\/09\/783707327_1555913943215998_3617973216459140404_n-768x512.jpg 768w, https:\/\/gokjadow.pl\/wp-content\/uploads\/2026\/09\/783707327_1555913943215998_3617973216459140404_n-1536x1024.jpg 1536w, https:\/\/gokjadow.pl\/wp-content\/uploads\/2026\/09\/783707327_1555913943215998_3617973216459140404_n.jpg 2048w\" sizes=\"auto, (max-width: 1024px) 100vw, 1024px\" \/><\/figure>\n<\/figure>\n","protected":false},"excerpt":{"rendered":"<p>23 sierpnia, na terenie o\u015brodka wczasowego 'Nadliwie&#8221;, odby\u0142y si\u0119 obchody 106. rocznicy Bitwy Warszawskiej. Uroczysto\u015bci rozpocz\u0119\u0142a Msza \u015awi\u0119ta koncelebrowana przez, ks. Marka Gawle &#8211; proboszcza parafii w Kamie\u0144czyku oraz ks. [&hellip;]<\/p>\n","protected":false},"author":1,"featured_media":4918,"comment_status":"closed","ping_status":"open","sticky":false,"template":"","format":"standard","meta":{"_monsterinsights_skip_tracking":false,"footnotes":""},"categories":[1],"tags":[],"class_list":["post-4917","post","type-post","status-publish","format-standard","has-post-thumbnail","hentry","category-bez-kategorii"],"_links":{"self":[{"href":"https:\/\/gokjadow.pl\/index.php?rest_route=\/wp\/v2\/posts\/4917","targetHints":{"allow":["GET"]}}],"collection":[{"href":"https:\/\/gokjadow.pl\/index.php?rest_route=\/wp\/v2\/posts"}],"about":[{"href":"https:\/\/gokjadow.pl\/index.php?rest_route=\/wp\/v2\/types\/post"}],"author":[{"embeddable":true,"href":"https:\/\/gokjadow.pl\/index.php?rest_route=\/wp\/v2\/users\/1"}],"replies":[{"embeddable":true,"href":"https:\/\/gokjadow.pl\/index.php?rest_route=%2Fwp%2Fv2%2Fcomments&post=4917"}],"version-history":[{"count":2,"href":"https:\/\/gokjadow.pl\/index.php?rest_route=\/wp\/v2\/posts\/4917\/revisions"}],"predecessor-version":[{"id":4967,"href":"https:\/\/gokjadow.pl\/index.php?rest_route=\/wp\/v2\/posts\/4917\/revisions\/4967"}],"wp:featuredmedia":[{"embeddable":true,"href":"https:\/\/gokjadow.pl\/index.php?rest_route=\/wp\/v2\/media\/4918"}],"wp:attachment":[{"href":"https:\/\/gokjadow.pl\/index.php?rest_route=%2Fwp%2Fv2%2Fmedia&parent=4917"}],"wp:term":[{"taxonomy":"category","embeddable":true,"href":"https:\/\/gokjadow.pl\/index.php?rest_route=%2Fwp%2Fv2%2Fcategories&post=4917"},{"taxonomy":"post_tag","embeddable":true,"href":"https:\/\/gokjadow.pl\/index.php?rest_route=%2Fwp%2Fv2%2Ftags&post=4917"}],"curies":[{"name":"wp","href":"https:\/\/api.w.org\/{rel}","templated":true}]}}