{"id":4953,"date":"2026-06-23T09:21:00","date_gmt":"2026-06-23T07:21:00","guid":{"rendered":"https:\/\/gokjadow.pl\/?p=4953"},"modified":"2026-09-02T12:23:15","modified_gmt":"2026-09-02T10:23:15","slug":"wakacyjna-gala-talentow","status":"publish","type":"post","link":"https:\/\/gokjadow.pl\/?p=4953","title":{"rendered":"Wakacyjna Gala Talent\u00f3w"},"content":{"rendered":"\n<p class=\"wp-block-paragraph\">20 czerwca, w Miejsko &#8211; Gminnym O\u015brodku Kultury w Jadowie, odby\u0142a si\u0119 Wakacyjna Gala Talent\u00f3w czyli podsumowanie zaj\u0119\u0107 w MGOK Jad\u00f3w. Na wyst\u0119py, opr\u00f3cz rodzin dzieci, przyby\u0142y r\u00f3wnie\u017c: Bo\u017cena Krasnod\u0119bska &#8211; Przewodnicz\u0105ca Rady Miasta i Gminy Jad\u00f3w, Barbara W\u00f3jcik &#8211; Skarbnik Miasta i Gminy Jad\u00f3w oraz radna Magdalena Lewandowska. Gala rozpocz\u0119\u0142a si\u0119 do\u015b\u0107 nietypowo przedstawieniem teatralnym pt. &#8222;Gapa&#8221; w re\u017cyserii p. Bogus\u0142awy Okszy &#8211; Klossi. Nast\u0119pnie zaprezentowa\u0142y si\u0119 3 grupy taneczne przygotowane przez p. Anit\u0119 Michalik, dwie grupy sztuk walki (instruktor Karol Wi\u015bniewski), grupa baletowa (instruktor Beata Stawiecka) oraz soli\u015bci i grupa wokalna przygotowane przez prowadz\u0105ca gal\u0119 &#8211; dyrektor MGOK Magdalena Donoch. Zebrana publiczno\u015b\u0107 mia\u0142a okazj\u0119 zobaczy\u0107 wystaw\u0119 prac plastycznych powsta\u0142ych pod okiem p. Pauliny Krajewskiej. Pani Bo\u017cena Krasnod\u0119bska ufundowa\u0142a wszystkim wyst\u0119puj\u0105cym dzieciom s\u0142odkie podarunki. Dla wszystkich przygotowany zosta\u0142 pocz\u0119stunek. Dzi\u0119kujemy wszystkim za ten intensywny czas pracy, \u017cyczymy udanych i bezpiecznych wakacji, a od wrze\u015bnia zapraszamy na nasze zaj\u0119cia. fot. Julia Kali\u0144ska<\/p>\n\n\n\n<p class=\"wp-block-paragraph\">Fotorelacja na <a href=\"https:\/\/www.facebook.com\/media\/set\/?vanity=MGOKJadow&amp;set=a.1500887785385281\">Facebooku.<\/a><\/p>\n\n\n\n<figure class=\"wp-block-image size-large\"><img loading=\"lazy\" decoding=\"async\" width=\"1024\" height=\"581\" src=\"https:\/\/gokjadow.pl\/wp-content\/uploads\/2026\/09\/729965242_1500887615385298_1426464937579370079_n-1024x581.jpg\" alt=\"\" class=\"wp-image-4954\" srcset=\"https:\/\/gokjadow.pl\/wp-content\/uploads\/2026\/09\/729965242_1500887615385298_1426464937579370079_n-1024x581.jpg 1024w, https:\/\/gokjadow.pl\/wp-content\/uploads\/2026\/09\/729965242_1500887615385298_1426464937579370079_n-300x170.jpg 300w, https:\/\/gokjadow.pl\/wp-content\/uploads\/2026\/09\/729965242_1500887615385298_1426464937579370079_n-768x436.jpg 768w, https:\/\/gokjadow.pl\/wp-content\/uploads\/2026\/09\/729965242_1500887615385298_1426464937579370079_n-1536x872.jpg 1536w, https:\/\/gokjadow.pl\/wp-content\/uploads\/2026\/09\/729965242_1500887615385298_1426464937579370079_n.jpg 2048w\" sizes=\"auto, (max-width: 1024px) 100vw, 1024px\" \/><\/figure>\n","protected":false},"excerpt":{"rendered":"<p>20 czerwca, w Miejsko &#8211; Gminnym O\u015brodku Kultury w Jadowie, odby\u0142a si\u0119 Wakacyjna Gala Talent\u00f3w czyli podsumowanie zaj\u0119\u0107 w MGOK Jad\u00f3w. Na wyst\u0119py, opr\u00f3cz rodzin dzieci, przyby\u0142y r\u00f3wnie\u017c: Bo\u017cena Krasnod\u0119bska [&hellip;]<\/p>\n","protected":false},"author":1,"featured_media":4954,"comment_status":"closed","ping_status":"open","sticky":false,"template":"","format":"standard","meta":{"_monsterinsights_skip_tracking":false,"footnotes":""},"categories":[1],"tags":[],"class_list":["post-4953","post","type-post","status-publish","format-standard","has-post-thumbnail","hentry","category-bez-kategorii"],"_links":{"self":[{"href":"https:\/\/gokjadow.pl\/index.php?rest_route=\/wp\/v2\/posts\/4953","targetHints":{"allow":["GET"]}}],"collection":[{"href":"https:\/\/gokjadow.pl\/index.php?rest_route=\/wp\/v2\/posts"}],"about":[{"href":"https:\/\/gokjadow.pl\/index.php?rest_route=\/wp\/v2\/types\/post"}],"author":[{"embeddable":true,"href":"https:\/\/gokjadow.pl\/index.php?rest_route=\/wp\/v2\/users\/1"}],"replies":[{"embeddable":true,"href":"https:\/\/gokjadow.pl\/index.php?rest_route=%2Fwp%2Fv2%2Fcomments&post=4953"}],"version-history":[{"count":1,"href":"https:\/\/gokjadow.pl\/index.php?rest_route=\/wp\/v2\/posts\/4953\/revisions"}],"predecessor-version":[{"id":4955,"href":"https:\/\/gokjadow.pl\/index.php?rest_route=\/wp\/v2\/posts\/4953\/revisions\/4955"}],"wp:featuredmedia":[{"embeddable":true,"href":"https:\/\/gokjadow.pl\/index.php?rest_route=\/wp\/v2\/media\/4954"}],"wp:attachment":[{"href":"https:\/\/gokjadow.pl\/index.php?rest_route=%2Fwp%2Fv2%2Fmedia&parent=4953"}],"wp:term":[{"taxonomy":"category","embeddable":true,"href":"https:\/\/gokjadow.pl\/index.php?rest_route=%2Fwp%2Fv2%2Fcategories&post=4953"},{"taxonomy":"post_tag","embeddable":true,"href":"https:\/\/gokjadow.pl\/index.php?rest_route=%2Fwp%2Fv2%2Ftags&post=4953"}],"curies":[{"name":"wp","href":"https:\/\/api.w.org\/{rel}","templated":true}]}}