{"id":4971,"date":"2026-06-25T12:34:27","date_gmt":"2026-06-25T10:34:27","guid":{"rendered":"https:\/\/gokjadow.pl\/?p=4971"},"modified":"2026-09-02T12:36:16","modified_gmt":"2026-09-02T10:36:16","slug":"jubileusze-malzenskie-2026-r","status":"publish","type":"post","link":"https:\/\/gokjadow.pl\/?p=4971","title":{"rendered":"Jubileusze ma\u0142\u017ce\u0144skie 2026 r."},"content":{"rendered":"\n<p class=\"wp-block-paragraph\"><strong>Jubileusze ma\u0142\u017ce\u0144skie<\/strong><\/p>\n\n\n\n<p class=\"wp-block-paragraph\">W sobot\u0119, 13 czerwca, w Gminie Jad\u00f3w odby\u0142a si\u0119 wyj\u0105tkowa uroczysto\u015b\u0107 \u2013 Jubileusze Ma\u0142\u017ce\u0144skie. Medale za d\u0142ugoletnie po\u017cycie ma\u0142\u017ce\u0144skie, nadane przez Prezydenta Rzeczypospolitej Polskiej, odebra\u0142o 36 par z terenu gminy. W\u015br\u00f3d wyr\u00f3\u017cnionych znalaz\u0142y si\u0119 zar\u00f3wno pary \u015bwi\u0119tuj\u0105ce 50 i 60 lat, a nawet 70 lat wsp\u00f3lnego \u017cycia.<\/p>\n\n\n\n<p class=\"wp-block-paragraph\">Jubileusze ma\u0142\u017ce\u0144skie, to niezwyk\u0142e wydarzenie nie tylko dla ma\u0142\u017conk\u00f3w, ale tak\u017ce dla ich rodzin i przyjaci\u00f3\u0142.<\/p>\n\n\n\n<p class=\"wp-block-paragraph\">Uroczysto\u015bci rozpocz\u0119\u0142y si\u0119 uroczyst\u0105 Msz\u0105 \u015awi\u0119t\u0105 w Sanktuarium Krzy\u017ca \u015awi\u0119tego<br>w Jadowie, podczas kt\u00f3rej Jubilaci otrzymali b\u0142ogos\u0142awie\u0144stwo oraz wyrazy uznania<br>za wieloletnie trwanie w ma\u0142\u017ce\u0144skiej mi\u0142o\u015bci i wierno\u015bci. To by\u0142 moment pe\u0142en zadumy, wdzi\u0119czno\u015bci i wzruszenia \u2013 zar\u00f3wno dla par, jak i ich rodzin.<\/p>\n\n\n\n<p class=\"wp-block-paragraph\">Nast\u0119pnie wszyscy uczestnicy przenie\u015bli si\u0119 do Miejsko \u2013 Gminnego O\u015brodka Kultury<br>w Jadowie, gdzie odby\u0142a si\u0119 druga cz\u0119\u015b\u0107 uroczysto\u015bci, kt\u00f3r\u0105 u\u015bwietnili swoj\u0105 obecno\u015bci\u0105: Bo\u017cena Krasnod\u0119bska \u2013&nbsp; Przewodnicz\u0105ca Rady Miasta i Gminy Jad\u00f3w, ks. dziekan Bogdan Lewi\u0144ski, ks. Adam Banaszek \u2013 proboszcz parafii w Sulejowie, Barbara W\u00f3jcik \u2013 skarbnik gminy, S\u0142awomir Mi\u0105skiewicz \u2013 sekretarz gminy, radni i so\u0142tysi. Ma\u0142\u017conkowie zostali odznaczeni Medalami za D\u0142ugoletnie Po\u017cycie Ma\u0142\u017ce\u0144skie, przyznanymi przez Prezydenta RP. Jubilaci, kt\u00f3rzy \u015bwi\u0119towali Diamentowe Gody otrzymali z r\u0105k Burmistrza Miasta i Gminy Jad\u00f3w Rafa\u0142a Rozpary pami\u0105tkowe tabliczki.<\/p>\n\n\n\n<p class=\"wp-block-paragraph\">Medale za 50-lecie po\u017cycia ma\u0142\u017ce\u0144skiego odebra\u0142y nast\u0119puj\u0105ce pary: Hanna i Janusz Arczewscy, W\u0142adys\u0142awa i Ryszard Biernatowie, Justyna i Janusz Czapla, Bo\u017cena i Krzysztof Do\u0142owi, Wies\u0142awa i Edward Dzi\u0119cio\u0142owie, Krystyna i Jerzy Feli\u0144scy, Alina i Tadeusz Ga\u0142\u0105zkowie, Cecylia i Edward Ga\u0142\u0105zkowie, Regina i Stanis\u0142aw Galiccy, Danuta i Jan Go\u0142aszewscy, Bogumi\u0142a i Ryszard Kalinowscy, Bo\u017cena i Kazimierz Lipi\u0144scy, Zofia<br>i Kazimierz Lipka-Kozanka, Teresa i Andrzej \u0141ukasiewiczowie, Henryka i Andrzej Malinowscy, Jadwiga i Krzysztof Milewscy, Anna i Waldemar Mechowie, Barbara i Ryszard Niegowscy, Danuta i Krzysztof Oniskowie, Anna i Bogus\u0142aw Oni\u015bkiewiczowie, Jadwiga<br>i Grzegorz Prusakowie, Jadwiga i Tadeusz Rysiawy, Jadwiga i Adam Rybi\u0144scy, Zofia<br>i Zbigniew Rosi\u0144scy, Janina i Tadeusz Siuchtowie, El\u017cbieta i Jerzy Struczykowie, Hanna<br>i Wojciech Szyszkowie, Barbara i Jerzy Taborowie, Zofia i Adam Zi\u00f3\u0142kowscy, Alicja i Janusz \u017b\u00f3\u0142tkowie.<\/p>\n\n\n\n<p class=\"wp-block-paragraph\">Pami\u0105tkowe tabliczki za 60 \u2013 lecie ma\u0142\u017ce\u0144stwa otrzymali: El\u017cbieta i Stefan Bujalscy, Marianna i Marian Winniccy, Halina i Zenon Zbrze\u017aniakowie, Janina i Henryk Edward Zi\u00f3\u0142kowscy, Janina i Janusz Owsiankowie.<\/p>\n\n\n\n<p class=\"wp-block-paragraph\">Uroczysto\u015b\u0107 u\u015bwietni\u0142y wyst\u0119py artystyczne w wykonaniu Olgi Burlakovej, Katarzyny Kownackiej, Jagody Go\u0142\u0119biewskiej, Marii \u015awi\u0119to\u0144, Wiktorii Gawrych, Alicji Laszczki, Alicji Rusiniak, Kamili Czerwi\u0144skiej, Aleksandry i Martyny Krajewskich.<\/p>\n\n\n\n<p class=\"wp-block-paragraph\">Na zako\u0144czenie wydarzenia, jubilaci oraz zaproszeni go\u015bcie zostali pocz\u0119stowani specjalnie przygotowanym na t\u0119 okazj\u0119 tortem oraz symboliczn\u0105 lampk\u0105 szampana.<\/p>\n\n\n\n<p class=\"wp-block-paragraph\">Dzi\u0119kujemy serdecznie paniom: Bo\u017cenie Krasnod\u0119bskiej, Katarzynie Motyce i Anecie Ludwiniak za przygotowanie dekoracji.<\/p>\n\n\n\n<p class=\"wp-block-paragraph\">Burmistrz Rafa\u0142 Rozpara wraz z przedstawicielem Rady Miasta i Gminy Jad\u00f3w oraz zast\u0119pc\u0105 kierownika Urz\u0119du Stanu Cywilnego osobi\u015bcie z\u0142o\u017cyli pa\u0144stwu Irenie i Stanis\u0142awowi Przybyszom, kt\u00f3rzy zwi\u0105zek ma\u0142\u017ce\u0144ski zawarli w 1952 roku, najserdeczniejsze \u017cyczenia oraz wr\u0119czyli pami\u0105tkow\u0105 tabliczk\u0119 i kwiaty.<\/p>\n\n\n\n<p class=\"wp-block-paragraph\">Wszystkim jubilatom \u017cyczymy wielu kolejnych lat wsp\u00f3lnego \u017cycia w zdrowiu, rado\u015bci i wzajemnej mi\u0142o\u015bci. \u017byczymy r\u00f3wnie\u017c rodzinnego ciep\u0142a i pogody ducha.<\/p>\n\n\n\n<p class=\"wp-block-paragraph\">Fotorelacja z wydarzenia na <a href=\"https:\/\/www.facebook.com\/MGOKJadow\/posts\/pfbid0xhPeGguyScJ8xBMeQYPPEEFtLrqKXpphsqCo1m32HoKsUejfaumrdPdazHzaFvezl\">Facebooku.<\/a><\/p>\n\n\n\n<p class=\"wp-block-paragraph\"><\/p>\n","protected":false},"excerpt":{"rendered":"<p>Jubileusze ma\u0142\u017ce\u0144skie W sobot\u0119, 13 czerwca, w Gminie Jad\u00f3w odby\u0142a si\u0119 wyj\u0105tkowa uroczysto\u015b\u0107 \u2013 Jubileusze Ma\u0142\u017ce\u0144skie. Medale za d\u0142ugoletnie po\u017cycie ma\u0142\u017ce\u0144skie, nadane przez Prezydenta Rzeczypospolitej Polskiej, odebra\u0142o 36 par z [&hellip;]<\/p>\n","protected":false},"author":1,"featured_media":4972,"comment_status":"closed","ping_status":"open","sticky":false,"template":"","format":"standard","meta":{"_monsterinsights_skip_tracking":false,"footnotes":""},"categories":[1],"tags":[],"class_list":["post-4971","post","type-post","status-publish","format-standard","has-post-thumbnail","hentry","category-bez-kategorii"],"_links":{"self":[{"href":"https:\/\/gokjadow.pl\/index.php?rest_route=\/wp\/v2\/posts\/4971","targetHints":{"allow":["GET"]}}],"collection":[{"href":"https:\/\/gokjadow.pl\/index.php?rest_route=\/wp\/v2\/posts"}],"about":[{"href":"https:\/\/gokjadow.pl\/index.php?rest_route=\/wp\/v2\/types\/post"}],"author":[{"embeddable":true,"href":"https:\/\/gokjadow.pl\/index.php?rest_route=\/wp\/v2\/users\/1"}],"replies":[{"embeddable":true,"href":"https:\/\/gokjadow.pl\/index.php?rest_route=%2Fwp%2Fv2%2Fcomments&post=4971"}],"version-history":[{"count":1,"href":"https:\/\/gokjadow.pl\/index.php?rest_route=\/wp\/v2\/posts\/4971\/revisions"}],"predecessor-version":[{"id":4973,"href":"https:\/\/gokjadow.pl\/index.php?rest_route=\/wp\/v2\/posts\/4971\/revisions\/4973"}],"wp:featuredmedia":[{"embeddable":true,"href":"https:\/\/gokjadow.pl\/index.php?rest_route=\/wp\/v2\/media\/4972"}],"wp:attachment":[{"href":"https:\/\/gokjadow.pl\/index.php?rest_route=%2Fwp%2Fv2%2Fmedia&parent=4971"}],"wp:term":[{"taxonomy":"category","embeddable":true,"href":"https:\/\/gokjadow.pl\/index.php?rest_route=%2Fwp%2Fv2%2Fcategories&post=4971"},{"taxonomy":"post_tag","embeddable":true,"href":"https:\/\/gokjadow.pl\/index.php?rest_route=%2Fwp%2Fv2%2Ftags&post=4971"}],"curies":[{"name":"wp","href":"https:\/\/api.w.org\/{rel}","templated":true}]}}