{"id":530,"date":"2019-12-07T10:53:27","date_gmt":"2019-12-07T09:53:27","guid":{"rendered":"http:\/\/gokjadow.pl\/?p=530"},"modified":"2020-01-07T11:09:33","modified_gmt":"2020-01-07T10:09:33","slug":"czlowiek-roku-2019","status":"publish","type":"post","link":"https:\/\/gokjadow.pl\/?p=530","title":{"rendered":"Cz\u0142owiek Roku 2019"},"content":{"rendered":"\n<p> Sejm RP og\u0142osi\u0142 2019 r. rokiem Stanis\u0142awa Moniuszki. Sta\u0142o si\u0119 tak dla uczczenia 200. rocznica urodzin tego wybitnego kompozytora, dyrygenta, organisty, pedagoga, tw\u00f3rcy polskiej opery narodowej. Po raz czternasty w Gminnym O\u015brodku Kultury w Jadowie odby\u0142 si\u0119 Powiatowy Konkurs Wiedzy \u201eCz\u0142owiek Roku\u201d pod patronatem Starosty Wo\u0142omi\u0144skiego. <\/p>\n\n\n\n<!--more-->\n\n\n\n<p>Konkurs przeznaczony by\u0142 w tym roku dla uczni\u00f3w szk\u00f3\u0142 podstawowych i wzi\u0119\u0142o w nim udzia\u0142 dziewi\u0119\u0107 trzyosobowych dru\u017cyn z terenu powiatu wo\u0142omi\u0144skiego. Ich wiedz\u0119 ocenia\u0142o jury w sk\u0142adzie: Piotr Borczy\u0144ski \u2013 Przewodnicz\u0105cy Komisji Edukacji, Sportu i Turystyki w Radzie Powiatu Wo\u0142omi\u0144skiego, Justyna Winnicka \u2013 Bayram \u2013 kierownik referatu organizacyjno -spo\u0142ecznego w UG Jad\u00f3w oraz Magdalena Donoch \u2013 instruktor w GOK Jad\u00f3w. Najlepsz\u0105 dru\u017cyn\u0105 i tym samym zdobywc\u0105 Pucharu Starosty zosta\u0142a reprezentacja Szko\u0142y Podstawowej im. M. Gotowca w Klembowie w sk\u0142adzie: Dominika Fija\u0142kowska, Micha\u0142 J\u0119drzejowski i Kacper W\u00f3jcicki, kt\u00f3r\u0105 przygotowa\u0142a Magdalena Sztajerwald. Drugie miejsce zaj\u0119\u0142a dru\u017cyna Szko\u0142y Podstawowej im. por. S. Lecha w Po\u015bwi\u0119tnem przygotowana przez Sylwi\u0119 Wierzbick\u0105, w sk\u0142adzie: Weronika Kucharska, Maria Cymerman i Maciej \u017bo\u0142ek. Trzecie miejsce wywalczy\u0142a dru\u017cyna Szko\u0142y Podstawowej im. Jana Paw\u0142a II w T\u0142uszczu: Jan Rudajko, Wiktoria Karlewska i Julia Przybysz, kt\u00f3r\u0105 przygotowa\u0142a do konkursu Gra\u017cyna D\u0105browska \u2013 Rudzi\u0144ska. Kolejne miejsca zaj\u0119\u0142y dru\u017cyny: 4 miejsce \u2013 SP nr 1 w Jadowie, 5 miejsce \u2013 ZS im. J. Korczaka w Jasienicy, 6 miejsce \u2013 SP nr 2 w Jadowie, 7 miejsce \u2013 SP w Szewnicy, 8 miejsce ex aqueo SP w Myszad\u0142ach i ZSP w Urlach. Najlepsza dru\u017cyna otrzyma\u0142a pami\u0105tkowy puchar, zdobywcy miejsc 2 \u2013 5 statuetki, a wszyscy uczniowie ksi\u0105\u017cki oraz dyplomy. Nagrody wr\u0119czyli cz\u0142onkowie komisji oraz Dyrektor Gminnego O\u015brodka Kultury \u0141ukasz W\u00f3jcik. Konkurs przygotowa\u0142a i prowadzi\u0142a Ma\u0142gorzata Ga\u0142\u0105zka. <\/p>\n\n\n\n<p style=\"font-size:19px\">Wi\u0119cej zdj\u0119\u0107 na <a rel=\"noreferrer noopener\" aria-label=\"Facebooku (opens in a new tab)\" href=\"https:\/\/www.facebook.com\/pg\/Gminny-O%C5%9Brodek-Kultury-w-Jadowie-136686263422135\/photos\/?tab=album&amp;album_id=777596132664475\" target=\"_blank\">Facebooku<\/a>.<\/p>\n\n\n<p>[fts_facebook type=album_photos id=136686263422135 posts=4 description=no album_id=777596132664475 image_width=250px image_height=250px space_between_photos=1px hide_date_likes_comments=no center_container=no]<\/p>\n\n\n\n<p><\/p>\n","protected":false},"excerpt":{"rendered":"<p>Sejm RP og\u0142osi\u0142 2019 r. rokiem Stanis\u0142awa Moniuszki. Sta\u0142o si\u0119 tak dla uczczenia 200. rocznica urodzin tego wybitnego kompozytora, dyrygenta, organisty, pedagoga, tw\u00f3rcy polskiej opery narodowej. Po raz czternasty w [&hellip;]<\/p>\n","protected":false},"author":1,"featured_media":0,"comment_status":"closed","ping_status":"open","sticky":false,"template":"","format":"standard","meta":{"_monsterinsights_skip_tracking":false,"_monsterinsights_sitenote_active":false,"_monsterinsights_sitenote_note":"","_monsterinsights_sitenote_category":0,"footnotes":""},"categories":[1],"tags":[],"class_list":["post-530","post","type-post","status-publish","format-standard","hentry","category-bez-kategorii"],"_links":{"self":[{"href":"https:\/\/gokjadow.pl\/index.php?rest_route=\/wp\/v2\/posts\/530","targetHints":{"allow":["GET"]}}],"collection":[{"href":"https:\/\/gokjadow.pl\/index.php?rest_route=\/wp\/v2\/posts"}],"about":[{"href":"https:\/\/gokjadow.pl\/index.php?rest_route=\/wp\/v2\/types\/post"}],"author":[{"embeddable":true,"href":"https:\/\/gokjadow.pl\/index.php?rest_route=\/wp\/v2\/users\/1"}],"replies":[{"embeddable":true,"href":"https:\/\/gokjadow.pl\/index.php?rest_route=%2Fwp%2Fv2%2Fcomments&post=530"}],"version-history":[{"count":2,"href":"https:\/\/gokjadow.pl\/index.php?rest_route=\/wp\/v2\/posts\/530\/revisions"}],"predecessor-version":[{"id":541,"href":"https:\/\/gokjadow.pl\/index.php?rest_route=\/wp\/v2\/posts\/530\/revisions\/541"}],"wp:attachment":[{"href":"https:\/\/gokjadow.pl\/index.php?rest_route=%2Fwp%2Fv2%2Fmedia&parent=530"}],"wp:term":[{"taxonomy":"category","embeddable":true,"href":"https:\/\/gokjadow.pl\/index.php?rest_route=%2Fwp%2Fv2%2Fcategories&post=530"},{"taxonomy":"post_tag","embeddable":true,"href":"https:\/\/gokjadow.pl\/index.php?rest_route=%2Fwp%2Fv2%2Ftags&post=530"}],"curies":[{"name":"wp","href":"https:\/\/api.w.org\/{rel}","templated":true}]}}