{"id":536,"date":"2019-12-19T11:04:34","date_gmt":"2019-12-19T10:04:34","guid":{"rendered":"http:\/\/gokjadow.pl\/?p=536"},"modified":"2021-07-16T09:13:37","modified_gmt":"2021-07-16T07:13:37","slug":"program-swiateczny-w-wykonaniu-podopiecznych-gok","status":"publish","type":"post","link":"https:\/\/gokjadow.pl\/?p=536","title":{"rendered":"Program \u015bwi\u0105teczny w wykonaniu podopiecznych GOK"},"content":{"rendered":"\n<p> 18 grudnia dzieci ucz\u0119szczaj\u0105ce na zaj\u0119cia w Gminnym O\u015brodku Kultury w Jadowie zaprezentowa\u0142y przed wigili\u0105 dla radnych, w\u0142adz gminy i so\u0142tys\u00f3w program artystyczny o tematyce \u015bwi\u0105tecznej. <\/p>\n\n\n\n<!--more-->\n\n\n\n<p>Na wyst\u0119p z\u0142o\u017cy\u0142y si\u0119 pastora\u0142ki, wiersze, uk\u0142ady taneczne i etiudy baletowe po\u0142\u0105czone kr\u00f3tk\u0105 histori\u0105 zwyczaj\u00f3w \u015bwi\u0105tecznych, kt\u00f3r\u0105 przybli\u017cy\u0142 prowadz\u0105cy program Micha\u0142 Siuchta. Po wyst\u0119pie wszyscy wyst\u0119puj\u0105cy otrzymali s\u0142odki upominek od radnych. Program zosta\u0142 przygotowany przez panie: Magd\u0119 Donoch, Anit\u0119 Michalik i Beat\u0119 Stawieck\u0105. Dzi\u0119kujemy dyr. przedszkola z Jadowa Agnieszce Czubak za dekoracj\u0119 sceny. fot. \u0141ukasz W\u00f3jcik <\/p>\n\n\n\n<p style=\"font-size:19px\">Wi\u0119cej zdj\u0119\u0107 na <a rel=\"noreferrer noopener\" aria-label=\"Facebooku (opens in a new tab)\" href=\"https:\/\/www.facebook.com\/pg\/Gminny-O%C5%9Brodek-Kultury-w-Jadowie-136686263422135\/photos\/?tab=album&amp;album_id=802307530193335\" target=\"_blank\">Facebooku<\/a><\/p>\n\n\n<p>[fts_facebook type=album_photos id=136686263422135 posts=4 description=no album_id=802307530193335 image_width=250px image_height=250px space_between_photos=1px hide_date_likes_comments=no center_container=no]<\/p>\n","protected":false},"excerpt":{"rendered":"<p>18 grudnia dzieci ucz\u0119szczaj\u0105ce na zaj\u0119cia w Gminnym O\u015brodku Kultury w Jadowie zaprezentowa\u0142y przed wigili\u0105 dla radnych, w\u0142adz gminy i so\u0142tys\u00f3w program artystyczny o tematyce \u015bwi\u0105tecznej.<\/p>\n","protected":false},"author":1,"featured_media":0,"comment_status":"closed","ping_status":"open","sticky":false,"template":"","format":"standard","meta":{"_monsterinsights_skip_tracking":false,"_monsterinsights_sitenote_active":false,"_monsterinsights_sitenote_note":"","_monsterinsights_sitenote_category":0,"footnotes":""},"categories":[17],"tags":[],"class_list":["post-536","post","type-post","status-publish","format-standard","hentry","category-wystawy-koncerty"],"_links":{"self":[{"href":"https:\/\/gokjadow.pl\/index.php?rest_route=\/wp\/v2\/posts\/536","targetHints":{"allow":["GET"]}}],"collection":[{"href":"https:\/\/gokjadow.pl\/index.php?rest_route=\/wp\/v2\/posts"}],"about":[{"href":"https:\/\/gokjadow.pl\/index.php?rest_route=\/wp\/v2\/types\/post"}],"author":[{"embeddable":true,"href":"https:\/\/gokjadow.pl\/index.php?rest_route=\/wp\/v2\/users\/1"}],"replies":[{"embeddable":true,"href":"https:\/\/gokjadow.pl\/index.php?rest_route=%2Fwp%2Fv2%2Fcomments&post=536"}],"version-history":[{"count":2,"href":"https:\/\/gokjadow.pl\/index.php?rest_route=\/wp\/v2\/posts\/536\/revisions"}],"predecessor-version":[{"id":538,"href":"https:\/\/gokjadow.pl\/index.php?rest_route=\/wp\/v2\/posts\/536\/revisions\/538"}],"wp:attachment":[{"href":"https:\/\/gokjadow.pl\/index.php?rest_route=%2Fwp%2Fv2%2Fmedia&parent=536"}],"wp:term":[{"taxonomy":"category","embeddable":true,"href":"https:\/\/gokjadow.pl\/index.php?rest_route=%2Fwp%2Fv2%2Fcategories&post=536"},{"taxonomy":"post_tag","embeddable":true,"href":"https:\/\/gokjadow.pl\/index.php?rest_route=%2Fwp%2Fv2%2Ftags&post=536"}],"curies":[{"name":"wp","href":"https:\/\/api.w.org\/{rel}","templated":true}]}}